[{"@context":"https:\/\/schema.org\/","@type":"Article","@id":"https:\/\/www.giscagi.cz\/kojenecke-obleceni-pro-dvojcata\/#Article","mainEntityOfPage":"https:\/\/www.giscagi.cz\/kojenecke-obleceni-pro-dvojcata\/","headline":"Kojeneck\u00e9 oble\u010den\u00ed pro dvoj\u010data","name":"Kojeneck\u00e9 oble\u010den\u00ed pro dvoj\u010data","description":"Kojeneck\u00e9 oble\u010den\u00ed Zam\u011b\u0159te se na na\u0161i propagaci a vyzkou\u0161ejte jednu z\u00e1silku, ve kter\u00e9 v\u00e1m jako nov\u00e9mu z\u00e1kazn\u00edkovi za\u0161leme mal\u00fd d\u00e1re\u010dek. V\u0161ichni na\u0161i z\u00e1kazn\u00edci jsou za\u0159azeni n\u00e1sledn\u011b do slosov\u00e1n\u00ed o cel\u00fd n\u00e1kup zdarma! I s oble\u010den\u00edm pro kojence za\u017eijete z\u00e1bavu! Kojeneck\u00e9 oble\u010den\u00ed Co \u0159\u00edk\u00e1te, nen\u00ed to \u00fa\u017easn\u00e1 p\u0159\u00edle\u017eitost? Tak pro\u010d je\u0161t\u011b v\u00e1h\u00e1te a neobjedn\u00e1v\u00e1te na\u0161e kojeneck\u00e9 [&hellip;]","datePublished":"2025-03-17","dateModified":"2025-03-17","author":{"@type":"Person","@id":"https:\/\/www.giscagi.cz\/author\/#Person","name":"giscagi.cz\n","url":"https:\/\/www.giscagi.cz\/author\/","identifier":1,"image":{"@type":"ImageObject","@id":"https:\/\/secure.gravatar.com\/avatar\/c4e504508c75b610a351629e223ddd0c5b7858df84b2b7deedc4e007bdf99fc8?s=96&d=mm&r=g","url":"https:\/\/secure.gravatar.com\/avatar\/c4e504508c75b610a351629e223ddd0c5b7858df84b2b7deedc4e007bdf99fc8?s=96&d=mm&r=g","height":96,"width":96}},"publisher":{"@type":"Organization","name":"giscagi.cz","logo":{"@type":"ImageObject","@id":"\/logo.png","url":"\/logo.png","width":600,"height":60}},"url":"https:\/\/www.giscagi.cz\/kojenecke-obleceni-pro-dvojcata\/","wordCount":196,"articleBody":" Kojeneck\u00e9 oble\u010den\u00ed Zam\u011b\u0159te se na na\u0161i propagaci a vyzkou\u0161ejte jednu z\u00e1silku, ve kter\u00e9 v\u00e1m jako nov\u00e9mu z\u00e1kazn\u00edkovi za\u0161leme mal\u00fd d\u00e1re\u010dek. V\u0161ichni na\u0161i z\u00e1kazn\u00edci jsou za\u0159azeni n\u00e1sledn\u011b do slosov\u00e1n\u00ed o cel\u00fd n\u00e1kup zdarma! I s oble\u010den\u00edm pro kojence za\u017eijete z\u00e1bavu! Kojeneck\u00e9 oble\u010den\u00ed Co \u0159\u00edk\u00e1te, nen\u00ed to \u00fa\u017easn\u00e1 p\u0159\u00edle\u017eitost? Tak pro\u010d je\u0161t\u011b v\u00e1h\u00e1te a neobjedn\u00e1v\u00e1te na\u0161e kojeneck\u00e9 oble\u010den\u00ed? Po\u0161tovn\u00e9 k z\u00e1silk\u00e1m nad jeden tis\u00edc korun ne\u00fa\u010dtujeme! Domluvte se s jinou maminkou a o po\u0161tovn\u00e9 se m\u016f\u017eete rozd\u011blit nap\u016fl. Tuto radu v\u00e1s ur\u010dit\u011b d\u00e1vat nemus\u00edme, ale p\u0159ipomenout si ji dovolujeme, proto\u017ee kdo \u0161et\u0159\u00ed \u201em\u00e1 za t\u0159i\u201c. Mini \u0161atn\u00edk va\u0161ich brou\u010dk\u016f bude z\u00e1\u0159it Vybavte va\u0161emu mil\u00e1\u010dkovi jeho mini \u0161atn\u00edk t\u00edm nejlep\u0161\u00edm kojeneck\u00fdm oble\u010den\u00edm za p\u0159ijateln\u00e9 ceny. Ne\u017ed\u00edmeme z v\u00e1s pen\u00edze, nenab\u00edz\u00edme nekvalitn\u00ed proveden\u00ed \u010di neprody\u0161n\u00e9 materi\u00e1ly.                                                                                                                                                                                                                                                                                                                                                                                        4\/5 - (1 vote)        "},{"@context":"https:\/\/schema.org\/","@type":"BreadcrumbList","itemListElement":[{"@type":"ListItem","position":1,"name":"Kojeneck\u00e9 oble\u010den\u00ed pro dvoj\u010data","item":"https:\/\/www.giscagi.cz\/kojenecke-obleceni-pro-dvojcata\/#breadcrumbitem"}]}]