[{"@context":"https:\/\/schema.org\/","@type":"Article","@id":"https:\/\/www.giscagi.cz\/obleceni-ktere-dokaze-zaujmout\/#Article","mainEntityOfPage":"https:\/\/www.giscagi.cz\/obleceni-ktere-dokaze-zaujmout\/","headline":"Oble\u010den\u00ed, kter\u00e9 dok\u00e1\u017ee zaujmout!","name":"Oble\u010den\u00ed, kter\u00e9 dok\u00e1\u017ee zaujmout!","description":"I kdy\u017e to tak venku zat\u00edm nevypad\u00e1, jaro je u\u017e n\u011bkolik t\u00fddn\u016f tady. To znamen\u00e1 jedin\u00e9, je \u010das na obm\u011bnu \u0161atn\u00edku. Pov\u011bzte, kolik m\u00e1te v \u0161atn\u00ed sk\u0159\u00edni kousk\u016f, kter\u00e9 jste u\u017e roky nevzala na sebe a nech\u00e1v\u00e1te je tam jen z v\u011btami: A\u017e budu m\u00edt lep\u0161\u00ed figuru. Zhubnu p\u011bt kilo. Mo\u017en\u00e1 a\u017e budu odv\u00e1\u017en\u011bj\u0161\u00ed. Tyto [&hellip;]","datePublished":"2021-03-16","dateModified":"2023-11-09","author":{"@type":"Person","@id":"https:\/\/www.giscagi.cz\/author\/#Person","name":"giscagi.cz\n","url":"https:\/\/www.giscagi.cz\/author\/","identifier":1,"image":{"@type":"ImageObject","@id":"https:\/\/secure.gravatar.com\/avatar\/c4e504508c75b610a351629e223ddd0c5b7858df84b2b7deedc4e007bdf99fc8?s=96&d=mm&r=g","url":"https:\/\/secure.gravatar.com\/avatar\/c4e504508c75b610a351629e223ddd0c5b7858df84b2b7deedc4e007bdf99fc8?s=96&d=mm&r=g","height":96,"width":96}},"publisher":{"@type":"Organization","name":"giscagi.cz","logo":{"@type":"ImageObject","@id":"\/logo.png","url":"\/logo.png","width":600,"height":60}},"image":{"@type":"ImageObject","@id":"https:\/\/www.giscagi.cz\/wp-content\/uploads\/d%C3%ADvka%20na%20kole_1.jpg","url":"https:\/\/www.giscagi.cz\/wp-content\/uploads\/d%C3%ADvka%20na%20kole_1.jpg","height":0,"width":0},"url":"https:\/\/www.giscagi.cz\/obleceni-ktere-dokaze-zaujmout\/","about":["V\u00fdrobky"],"wordCount":442,"articleBody":"      I kdy\u017e to tak venku zat\u00edm nevypad\u00e1, jaro je u\u017e n\u011bkolik t\u00fddn\u016f tady. To znamen\u00e1 jedin\u00e9, je \u010das na obm\u011bnu \u0161atn\u00edku. Pov\u011bzte, kolik m\u00e1te v \u0161atn\u00ed sk\u0159\u00edni kousk\u016f, kter\u00e9 jste u\u017e roky nevzala na sebe a nech\u00e1v\u00e1te je tam jen z v\u011btami: A\u017e budu m\u00edt lep\u0161\u00ed figuru. Zhubnu p\u011bt kilo. Mo\u017en\u00e1 a\u017e budu odv\u00e1\u017en\u011bj\u0161\u00ed. Tyto p\u0159\u00edsliby, co by kdyby, v\u00e1m akor\u00e1t zab\u00edraj\u00ed m\u00edsto v \u0161atn\u00edku na kousky, kter\u00e9 byste s oblibou nosila ka\u017ed\u00fd den. My \u017eeny jsme velmi sebekritick\u00e9, co\u017e samoz\u0159ejm\u011b v n\u011bkter\u00fdch ohledech nemus\u00ed b\u00fdt na \u0161kodu, ale \u017eivot m\u00e1me jenom jeden, pro\u010d ho tedy promarnit p\u0159\u00edsliby? Z\u00e1van jaraI kdy\u017e teplota p\u0159es den mnohdy je\u0161t\u011b ukazuje jen p\u00e1r stup\u00ednk\u016f nad nulou, co nevid\u011bt budou mraziv\u00e9 noci minulost\u00ed. Pro\u010d se tedy nep\u0159ipravit na prvn\u00ed slune\u010dn\u00ed paprsky s p\u0159edstihem. Tmav\u00e9 oble\u010den\u00ed, kter\u00e9 v\u00e9vodilo do ned\u00e1vna va\u0161emu \u0161atn\u00edku, schovejte na dal\u0161\u00ed zimn\u00ed sez\u00f3nu a dejte p\u0159ednost barv\u00e1m a vzor\u016fm, kter\u00e9 k jaru neodmysliteln\u011b pat\u0159\u00ed. Letos jsme op\u011bt na m\u00f3dn\u00edch p\u0159ehl\u00eddk\u00e1ch mohli obdivovat pastelov\u00e9 barvy a vzory p\u0159ev\u00e1\u017en\u011b kv\u011btinov\u00e9ho charakteru. Pro\u010d si tedy tuto slo\u017eitou situaci nezp\u0159\u00edjemnit n\u011b\u010d\u00edm hezk\u00fdm na sebe?Pokud v \u0161atn\u00edk\u016f nem\u00e1te dostatek m\u00edsta na nov\u00e9 kousky, jednodu\u0161e si prot\u0159i\u010fte \u0161atn\u00edk. Vyho\u010fte kousky, kter\u00e9 jsou n\u011bjak poni\u010den\u00e9, p\u0159\u00edpadn\u011b jste je nem\u011bly na sob\u011b i n\u011bkolik let. Rozhodn\u011b je neschov\u00e1vejte s my\u0161lenkou, \u017ee t\u0159eba jednou. To jednou bude trvat hodn\u011b dlouho, p\u0159\u00edpadn\u011b se v\u016fbec neuskute\u010dn\u00ed. Vy\u0159azen\u00e9 oble\u010den\u00ed rozhodn\u011b nevyhazujte, odneste ho do arm\u00e1dy sp\u00e1sy nebo do kontejneru na oble\u010den\u00ed. To pak dostane d\u00edky tomuto va\u0161emu gestu druhou \u0161anci a t\u0159eba je\u0161t\u011b ud\u011bl\u00e1 radost n\u011bkomu dal\u0161\u00edmu. Neot\u0159el\u00e9 a origin\u00e1ln\u00edNen\u00ed snad nic hor\u0161\u00edho, ne\u017e kdy\u017e na ulici vid\u00edte \u017eenu oble\u010denou ve stejn\u00e9m kousku, jak\u00fd pr\u00e1v\u011b m\u00e1te na sob\u011b. Vyb\u00edrejte proto origin\u00e1ln\u00ed kousky t\u0159eba v second handech. Nejen \u017ee budete m\u00edt jistotu, \u017ee m\u00e1te na sob\u011b origin\u00e1ln\u00ed kousek, kter\u00fd u\u017e nen\u00ed k sehn\u00e1n\u00ed, z\u00e1rove\u0148 m\u016f\u017eete tomto zp\u016fsobem v\u00fdrazn\u011b u\u0161et\u0159it na oble\u010den\u00ed. Zkusit m\u016f\u017eete i tri\u010dko vlastn\u00ed potisk, kter\u00e9 bude jedine\u010dn\u00e9 a jedin\u00e9 na sv\u011bt\u011b.                                                                                                                                                                                                                                                                                                                                                                                           4\/5 - (13 votes)        "},{"@context":"https:\/\/schema.org\/","@type":"BreadcrumbList","itemListElement":[{"@type":"ListItem","position":1,"name":"Oble\u010den\u00ed, kter\u00e9 dok\u00e1\u017ee zaujmout!","item":"https:\/\/www.giscagi.cz\/obleceni-ktere-dokaze-zaujmout\/#breadcrumbitem"}]}]